[{"@context":"https:\/\/schema.org\/","@type":"Article","@id":"https:\/\/www.kskri.cz\/co-vam-dela-nejvice-starosti-pri-stehovani-v-praze\/#Article","mainEntityOfPage":"https:\/\/www.kskri.cz\/co-vam-dela-nejvice-starosti-pri-stehovani-v-praze\/","headline":"Co v\u00e1m d\u011bl\u00e1 nejv\u00edce starost\u00ed p\u0159i st\u011bhov\u00e1n\u00ed v Praze","name":"Co v\u00e1m d\u011bl\u00e1 nejv\u00edce starost\u00ed p\u0159i st\u011bhov\u00e1n\u00ed v Praze","description":"\u010ctvrt\u00e9 patro bez v\u00fdtahu \u2013 v Praze existuje cel\u00e1 \u0159ada byt\u016f, kam se stoup\u00e1 bez [&hellip;]","datePublished":"2022-03-31","dateModified":"2023-10-10","author":{"@type":"Person","@id":"https:\/\/www.kskri.cz\/author\/#Person","name":"","url":"https:\/\/www.kskri.cz\/author\/","identifier":1,"image":{"@type":"ImageObject","@id":"https:\/\/secure.gravatar.com\/avatar\/64d58fab86512053c8bb518a6563e7284bb4a3422dc9af0106c3f39575364c7b?s=96&d=mm&r=g","url":"https:\/\/secure.gravatar.com\/avatar\/64d58fab86512053c8bb518a6563e7284bb4a3422dc9af0106c3f39575364c7b?s=96&d=mm&r=g","height":96,"width":96}},"publisher":{"@type":"Organization","name":"kskri.cz","logo":{"@type":"ImageObject","@id":"\/logo.png","url":"\/logo.png","width":600,"height":60}},"image":{"@type":"ImageObject","@id":"https:\/\/www.kskri.cz\/wp-content\/uploads\/prague-4831101_640.jpg","url":"https:\/\/www.kskri.cz\/wp-content\/uploads\/prague-4831101_640.jpg","height":0,"width":0},"url":"https:\/\/www.kskri.cz\/co-vam-dela-nejvice-starosti-pri-stehovani-v-praze\/","about":["Slu\u017eby"],"wordCount":422,"articleBody":"   \u010ctvrt\u00e9 patro bez v\u00fdtahu \u2013 v Praze existuje cel\u00e1 \u0159ada byt\u016f, kam se stoup\u00e1 bez v\u00fdtahu. Kup\u0159\u00edkladu na Vinohradech \u010di na \u017di\u017ekov\u011b se vyskytuj\u00ed pom\u011brn\u011b b\u011b\u017en\u011b. Pro v\u0161edn\u00ed, ka\u017edodenn\u00ed \u017eivot, kdy po schodech vyn\u00e1\u0161\u00edte n\u00e1kupn\u00ed ta\u0161ku, p\u0159\u00edpadn\u011b v\u00e1m n\u00e1kup doveze kur\u00fdr a\u017e p\u0159\u00edmo do bytu, je toto bydlen\u00ed skv\u011bl\u00e9, proto\u017ee pohyb po schodech v\u00e1m jen prosp\u011bje, tedy samoz\u0159ejm\u011b, pokud nejste zdravotn\u011b posti\u017een\u00ed. Jakmile v\u0161ak p\u0159ich\u00e1z\u00ed na po\u0159ad dne st\u011bhov\u00e1n\u00ed, m\u016f\u017eete se snadno dostat do \u00fazk\u00fdch. Je toti\u017e velk\u00fd rozd\u00edl p\u0159en\u00e1\u0161et rozkl\u00e1dac\u00ed pohovku \u010di automatickou pra\u010dku po rovin\u011b a vozit je v\u00fdtahem, ne\u017e nosit po schodech do vy\u0161\u0161\u00edch pater. Pr\u00e1v\u011b zde dost\u00e1vaj\u00ed svou p\u0159\u00edle\u017eitost st\u011bhovac\u00ed firmy a pr\u00e1v\u011b zde prokazuj\u00ed tak\u00e9 sv\u00e9 schopnosti, a s trochou nads\u00e1zky \u0159e\u010deno i ur\u010dit\u00e9 hrdinstv\u00ed.Letn\u00ed vedra \u2013 kdy\u017e pl\u00e1nujete st\u011bhov\u00e1n\u00ed v Praze v l\u00e9t\u011b, m\u011bli byste sledovat v\u00fdvoj po\u010das\u00ed, alespo\u0148 ten kr\u00e1tkodob\u00fd. Jen\u017ee ne v\u017edy se p\u0159edpov\u011b\u010f, zvl\u00e1\u0161t\u011b ta dlouhodob\u011bj\u0161\u00ed, vyda\u0159\u00ed a zrovna v den D natref\u00edte na tropickou t\u0159ic\u00edtku. M\u00e1te-li v pl\u00e1nu st\u011bhov\u00e1n\u00ed vlastn\u00edmi silami, bude to mnohem obt\u00ed\u017en\u011bj\u0161\u00ed, ne\u017e p\u0159i teplot\u00e1ch kolem osmn\u00e1cti stup\u0148\u016f, kdy v\u00e1s je\u0161t\u011b ov\u00edv\u00e1 chladn\u00fd v\u00e1nek. St\u011bhovac\u00ed firmy v\u00e1s p\u0159est\u011bhuj\u00ed i v t\u011bchto dnech, po\u010d\u00edtaj\u00ed s t\u00edm a jsou na takovou fyzickou z\u00e1t\u011b\u017e zvykl\u00ed. Klobouk dol\u016f p\u0159ed nimi a bu\u010fme r\u00e1di, \u017ee takov\u00ed lid\u00e9 mezi n\u00e1mi je\u0161t\u011b jsou. Co bychom si po\u010dali, kdyby tyto slu\u017eby neexistovaly?N\u00e1bytek \u2013 o velk\u00e9 hmotnosti b\u0159emen jsme tu ji\u017e hovo\u0159ili, to se t\u00fdk\u00e1 i n\u00e1bytku nap\u0159. staro\u017eitn\u00e9ho, ov\u0161em co kdy\u017e m\u00e1te n\u00e1bytek rozeb\u00edrateln\u00fd, kter\u00fd se demontovat mus\u00ed, nap\u0159. vestav\u011bn\u00e1 sk\u0159\u00ed\u0148 sestavovan\u00e1 na m\u00edru? A co kdy\u017e je pro v\u00e1s demont\u00e1\u017e sk\u0159\u00edn\u011b natolik obt\u00ed\u017en\u00e1, \u017ee ji sami nezvl\u00e1dnete? V\u00edte, \u017ee st\u011bhovac\u00ed firmy tuto pr\u00e1ci zaji\u0161\u0165uj\u00ed standardn\u011b, a \u017ee je m\u016f\u017eete po\u017e\u00e1dat t\u0159eba i o p\u0159est\u011bhov\u00e1n\u00ed va\u0161\u00ed kuchyn\u011b? Pokud je to technick\u00fdch mo\u017enostech, st\u011bhov\u00e1ci v\u00e1m kuchy\u0148skou linku namontuj\u00ed i v nov\u00e9m byt\u011b.                                                                                                                                                                                                                                                                                                                                                                                          3.9\/5 - (10 votes)        "},{"@context":"https:\/\/schema.org\/","@type":"BreadcrumbList","itemListElement":[{"@type":"ListItem","position":1,"name":"Co v\u00e1m d\u011bl\u00e1 nejv\u00edce starost\u00ed p\u0159i st\u011bhov\u00e1n\u00ed v Praze","item":"https:\/\/www.kskri.cz\/co-vam-dela-nejvice-starosti-pri-stehovani-v-praze\/#breadcrumbitem"}]}]