[{"@context":"https:\/\/schema.org\/","@type":"Article","@id":"https:\/\/www.kskri.cz\/modre-svetlo-a-bryle\/#Article","mainEntityOfPage":"https:\/\/www.kskri.cz\/modre-svetlo-a-bryle\/","headline":"Modr\u00e9 sv\u011btlo a br\u00fdle","name":"Modr\u00e9 sv\u011btlo a br\u00fdle","description":"Br\u00fdle na po\u010d\u00edta\u010d s ochranou proti modr\u00e9mu sv\u011btlu https:\/\/luxbryle.cz\/cs\/36-proti-modremu-svetlu jsou docela d\u016fle\u017eit\u00e9. A to z [&hellip;]","datePublished":"2022-05-25","dateModified":"2023-05-24","author":{"@type":"Person","@id":"https:\/\/www.kskri.cz\/author\/#Person","name":"","url":"https:\/\/www.kskri.cz\/author\/","identifier":1,"image":{"@type":"ImageObject","@id":"https:\/\/secure.gravatar.com\/avatar\/64d58fab86512053c8bb518a6563e7284bb4a3422dc9af0106c3f39575364c7b?s=96&d=mm&r=g","url":"https:\/\/secure.gravatar.com\/avatar\/64d58fab86512053c8bb518a6563e7284bb4a3422dc9af0106c3f39575364c7b?s=96&d=mm&r=g","height":96,"width":96}},"publisher":{"@type":"Organization","name":"kskri.cz","logo":{"@type":"ImageObject","@id":"\/logo.png","url":"\/logo.png","width":600,"height":60}},"image":{"@type":"ImageObject","@id":"https:\/\/www.kskri.cz\/wp-content\/uploads\/svetle-modre-plesove-saty-na-maturitni-ples-tory-xs-s_1.jpg","url":"https:\/\/www.kskri.cz\/wp-content\/uploads\/svetle-modre-plesove-saty-na-maturitni-ples-tory-xs-s_1.jpg","height":0,"width":0},"url":"https:\/\/www.kskri.cz\/modre-svetlo-a-bryle\/","about":["N\u00e1kupy"],"wordCount":451,"articleBody":"         Br\u00fdle na po\u010d\u00edta\u010d s ochranou proti modr\u00e9mu sv\u011btlu https:\/\/luxbryle.cz\/cs\/36-proti-modremu-svetlu jsou docela d\u016fle\u017eit\u00e9. A to z d\u016fvodu, \u017ee v dne\u0161n\u00ed dob\u011b je po\u010d\u00edta\u010d velmi hodn\u011b vyu\u017e\u00edvan\u00fd, a tak by bylo taky dobr\u00e9 na\u0161im o\u010d\u00edm n\u011bjak ulevit. Mus\u00edm ale \u0159\u00edct, \u017ee j\u00e1 jsem na to nikdy nedala. Nikdy jsem nev\u011bd\u011bla, co je to modr\u00e9 sv\u011btlo a pro\u010d vlastn\u011b \u0161kod\u00ed. V\u017edy\u0165 obrazovka p\u0159eci nem\u016f\u017ee tak moc \u0161kodit, ne? V\u017edy\u0165 taky pou\u017e\u00edv\u00e1me mobil a televizi, tak nen\u00ed to tot\u00e9\u017e jako po\u010d\u00edta\u010d nebo notebook? Tohle jsem si v\u017edycky pokl\u00e1dala, kdy\u017e se m\u011b n\u011bkdo zeptal, jestli nos\u00edm br\u00fdle na po\u010d\u00edta\u010d s ochranou proti modr\u00e9mu sv\u011btlu. Mus\u00edm \u0159\u00edct, \u017ee jsme nikdy nev\u011bd\u011bla, co odpov\u011bd\u011bt. Co kdy\u017e si ze m\u011b d\u011blaj\u00ed jenom srandu? A existuj\u00ed v\u016fbec takov\u00e9 ochrann\u00e9 br\u00fdle proti modr\u00e9mu sv\u011btlu? Sice ano, br\u00fdle nos\u00edm, ale jenom dioptrick\u00e9 na televizi. Bez nich bych \u0161patn\u011b televizi vid\u011bla. Br\u00fdle nos\u00edm i na po\u010d\u00edta\u010d, tak nev\u00edm, jak bych potom m\u011bla je\u0161t\u011b nosit dal\u0161\u00ed br\u00fdle. Br\u00fdle na po\u010d\u00edta\u010d s ochranou proti modr\u00e9mu sv\u011btlu jsou ale v posledn\u00ed dob\u011b velmi popul\u00e1rn\u00ed. A tak jsem si \u0159ekla, \u017ee se o nich n\u011bco dozv\u00edm. Na internetu jsme tedy zprvu zjistila, \u017ee v\u00e1\u017en\u011b takov\u00e9 br\u00fdle existuj\u00ed.A mus\u00edm \u0159\u00edct, \u017ee jsem byla velmi p\u0159ekvapen\u00e1. V\u016fbec jsem o jejich existenci nem\u011bla ani potuchy. A tak jsem si \u0159ekla, \u017ee je mo\u017en\u00e1 i vyzkou\u0161\u00edm. P\u0159eci u\u017e nejsem nejmlad\u0161\u00ed a hodn\u011b \u010dasu tr\u00e1v\u00edm na po\u010d\u00edta\u010di. Hlavn\u011b tedy pracovn\u011b ponejv\u00edce. Br\u00fdle na po\u010d\u00edta\u010d s ochranou proti modr\u00e9mu sv\u011btlu by se mi tedy hodily. A tak jsem si objednala takov\u00e9 br\u00fdle ve st\u0159edn\u00ed cenov\u00e9 relaci. Taky je tady na br\u00fdl\u00edch prima, \u017ee jsou v mnoha barv\u00e1ch, tak\u017ee si m\u016f\u017eete vybrat hned z n\u011bkolik typ\u016f a druh\u016f br\u00fdl\u00ed na po\u010d\u00edta\u010d s ochranou proti modr\u00e9mu sv\u011btlu. J\u00e1 jsem si vybrala jak jinak ne\u017e p\u011bkn\u011b z\u00e1\u0159iv\u011b r\u016f\u017eov\u00e9. To je moje nejobl\u00edben\u011bj\u0161\u00ed barva. A v\u00fdsledek? Br\u00fdle na po\u010d\u00edta\u010d s ochranou proti modr\u00e9mu sv\u011btlu m\u011b uchv\u00e1tily, nav\u00edc jsem zjistila, \u017ee pod\u00e1v\u00e1m na po\u010d\u00edta\u010di i lep\u0161\u00ed pracovn\u00ed v\u00fdkony. Br\u00fdle na po\u010d\u00edta\u010d s ochranou proti modr\u00e9mu sv\u011btlu zkuste a uvid\u00edte sami.                                                                                                                                                                                                                                                                                                                                                                                          4.2\/5 - (9 votes)        "},{"@context":"https:\/\/schema.org\/","@type":"BreadcrumbList","itemListElement":[{"@type":"ListItem","position":1,"name":"Modr\u00e9 sv\u011btlo a br\u00fdle","item":"https:\/\/www.kskri.cz\/modre-svetlo-a-bryle\/#breadcrumbitem"}]}]