[{"@context":"https:\/\/schema.org\/","@type":"Article","@id":"https:\/\/www.kskri.cz\/muj-byt-muj-hrad\/#Article","mainEntityOfPage":"https:\/\/www.kskri.cz\/muj-byt-muj-hrad\/","headline":"M\u016fj byt, m\u016fj hrad","name":"M\u016fj byt, m\u016fj hrad","description":"Ka\u017ed\u00fd \u010dlov\u011bk na sv\u011bt\u011b ur\u010dit\u011b alespo\u0148 jednou za \u017eivot za\u017eil st\u011bhov\u00e1n\u00ed. Obecn\u011b je zn\u00e1mo, \u017ee [&hellip;]","datePublished":"2017-12-19","dateModified":"2023-05-24","author":{"@type":"Person","@id":"https:\/\/www.kskri.cz\/author\/#Person","name":"","url":"https:\/\/www.kskri.cz\/author\/","identifier":1,"image":{"@type":"ImageObject","@id":"https:\/\/secure.gravatar.com\/avatar\/64d58fab86512053c8bb518a6563e7284bb4a3422dc9af0106c3f39575364c7b?s=96&d=mm&r=g","url":"https:\/\/secure.gravatar.com\/avatar\/64d58fab86512053c8bb518a6563e7284bb4a3422dc9af0106c3f39575364c7b?s=96&d=mm&r=g","height":96,"width":96}},"publisher":{"@type":"Organization","name":"kskri.cz","logo":{"@type":"ImageObject","@id":"\/logo.png","url":"\/logo.png","width":600,"height":60}},"image":{"@type":"ImageObject","@id":"https:\/\/www.kskri.cz\/wp-content\/uploads\/img_a307861_w1756_t1519071223.jpg","url":"https:\/\/www.kskri.cz\/wp-content\/uploads\/img_a307861_w1756_t1519071223.jpg","height":0,"width":0},"url":"https:\/\/www.kskri.cz\/muj-byt-muj-hrad\/","wordCount":675,"articleBody":"\tKa\u017ed\u00fd \u010dlov\u011bk na sv\u011bt\u011b ur\u010dit\u011b alespo\u0148 jednou za \u017eivot za\u017eil st\u011bhov\u00e1n\u00ed. Obecn\u011b je zn\u00e1mo, \u017ee to nen\u00ed v\u016fbec jednoduch\u00e1 z\u00e1le\u017eitost. Je nutn\u00e9 za\u0159\u00eddit spoustu v\u011bc\u00ed, jako odvoz n\u00e1bytku, nebo pomocn\u00edky p\u0159i no\u0161en\u00ed n\u00e1bytku do bytu. V\u00fdhodou je, pokud Va\u0161i zn\u00e1m\u00ed, nebo je\u0161t\u011b l\u00e9pe rodina, jsou ochotn\u00ed a nenechaj\u00ed V\u00e1s na holi\u010dk\u00e1ch.\tJ\u00e1 jsem se st\u011bhovala zat\u00edm jen jednou. S p\u0159\u00edtelem jsme se rozhodli, \u017ee si pronajmeme byt.\tVybrali jsme si byt ve zv\u00fd\u0161en\u00e9m p\u0159\u00edzem\u00ed ve star\u0161\u00edm cihlov\u00e9m t\u0159\u00edpatrov\u00e9m dom\u011b. Majitel n\u00e1m v\u0161e uk\u00e1zal a na prvn\u00ed pohled se n\u00e1m uspo\u0159\u00e1d\u00e1n\u00ed m\u00edstnost\u00ed l\u00edbilo. Pro m\u011b byl ale velice d\u016fle\u017eit\u00fd vzhled koupelny a z\u00e1chodu. Samoz\u0159ejm\u011b jsem ne\u010dekala kachli\u010dky od podlahy a\u017e ke stropu. Ob\u011b m\u00edstnosti se daly pova\u017eovat za p\u0159ijateln\u00e9. Velk\u00fdm \u0161t\u011bst\u00edm bylo, \u017ee kuchyn\u011b byla tak\u00e9 vybaven\u00e1.\tTo nejv\u011bt\u0161\u00ed za\u0159izov\u00e1n\u00ed n\u00e1s teprve \u010dekalo. Jako prvn\u00ed jsme za\u010dali vybavovat ob\u00fdvac\u00ed pokoj. Nejd\u0159\u00edve jsme se museli shodnout na dekoru n\u00e1bytku a barv\u011b seda\u010dky. Cht\u011bla bych podotknout, \u017ee velik\u00fdm plusem je nakupovat n\u00e1bytek ve stejn\u00e9m obchod\u011b. M\u00e1te tak jistotu, \u017ee v\u0161echno budete m\u00edt opravdu ve stejn\u00e9 barv\u011b a proveden\u00ed. My jsme pro n\u00e1kup zvolili M\u00f6belix. Vybrali jsme si tam vlastn\u011b v\u0161echen n\u00e1bytek, kter\u00fd m\u00e1me \u2013 od lampy a\u017e po seda\u010dku. Ur\u010dit\u011b V\u00e1s zaj\u00edm\u00e1, jak\u00fd dekor jsme vzali za sv\u016fj. Jmenuje se dub Sonoma. Jeho barva se d\u00e1 p\u0159ipodobnit k b\u00e9\u017eov\u00e9, kombinuje se tak\u00e9 s b\u00edlou. Je takov\u00fd neutr\u00e1ln\u00ed, tak\u017ee se k n\u011bmu hod\u00ed prakticky jak\u00e9koliv dopl\u0148ky.\tB\u011bhem za\u0159izov\u00e1n\u00ed n\u00e1s potkaly t\u0159i probl\u00e9my. Na postel jsme \u010dekali p\u0159es dva m\u011bs\u00edce vinou nepo\u0159\u00e1dku ve skladu obchodu.\tDruh\u00fdm probl\u00e9mem se stala vana. Bylo u\u017e na n\u00ed vid\u011bt, \u017ee je jaksi postar\u0161\u00ed, ale l\u00edbilo se n\u00e1m, \u017ee byla velk\u00e1. Jednoho dne ale za\u010dala prot\u00e9kat, a tak musela rychle pry\u010d. Pronaj\u00edmatel si zpo\u010d\u00e1tku asi myslel, \u017ee jsme si to vymysleli, proto\u017ee jemu se p\u0159edt\u00edm zd\u00e1la v po\u0159\u00e1dku. Na\u0161t\u011bst\u00ed se s n\u00edm dalo mluvit a na svoje n\u00e1klady n\u00e1m po\u0159\u00eddil novou, sice men\u0161\u00ed, ale hez\u010d\u00ed vanu.\tA do t\u0159etice v\u0161eho dobr\u00e9ho a zl\u00e9ho \u2013 dvakr\u00e1t n\u00e1m selhaly pojistky. Poprv\u00e9 na sv\u011btla (mohli jsme po\u0159\u00e1dat soukrom\u00e9 diskot\u00e9ky) a podruh\u00e9 na z\u00e1suvky. Kone\u010dn\u011b ale m\u00e1me tak siln\u00e9 pojistky, kter\u00e9 nevyhod\u00ed pouze zapnut\u00e1 mikrovlnka.\tMysl\u00edm si, \u017ee ned\u00edlnou sou\u010d\u00e1st\u00ed tvorby pohodl\u00ed je tak\u00e9 v\u00fdzdoba. T\u00edm m\u00e1m na mysli kv\u011btiny, kobere\u010dky, pol\u0161t\u00e1\u0159ky, sv\u00ed\u010dky, knihy, obrazy nebo fotky sv\u00fdch bl\u00edzk\u00fdch. U n\u00e1s je v zastoupen\u00ed v\u0161e zm\u00edn\u011bn\u00e9. Kobere\u010dek pod stolek i pol\u0161t\u00e1\u0159ky na seda\u010dce jsem sladila v barv\u011b \u0161ed\u00e9, v\u00ednov\u00e9 a b\u00edl\u00e9. Obrazy nem\u00e1me klasick\u00e9. Jsou vytvo\u0159en\u00e9 z puzzl\u00ed. Kdy\u017e m\u00e1 \u010dlov\u011bk kolem sebe n\u011bco, co mu p\u0159ipom\u00edn\u00e1 hezk\u00e9 chv\u00edle, c\u00edt\u00ed se podle m\u011b pohodln\u011b a bezpe\u010dn\u011b.\tN\u00e1\u0161 byt je pro m\u011b velice \u00fatuln\u00fd. Dokonce i pronaj\u00edmatel je spokojen\u00fd a tvrd\u00ed, \u017ee v tomhle stylu v n\u011bm je\u0161t\u011b nikdo nebydlel. Do budoucna pl\u00e1nujeme po\u0159\u00eddit nov\u00fd j\u00eddeln\u00ed stolek do kuchyn\u011b a dal\u0161\u00ed komodu. Jsem zv\u011bdav\u00e1, jestli se dostaneme i k rekonstrukci, kterou by pronaj\u00edmatel r\u00e1d provedl. J\u00e1 osobn\u011b bych uv\u00edtala jen nov\u00e9 dve\u0159e do m\u00edstnost\u00ed ve stejn\u00e9m dekoru a nov\u00e9 umyvadlo do koupelny. Mysl\u00edm si, \u017ee to probl\u00e9m nebude. Uvid\u00edme.                                                                                                                                                                                                                                                                                                                                                                                        4.2\/5 - (8 votes)        "},{"@context":"https:\/\/schema.org\/","@type":"BreadcrumbList","itemListElement":[{"@type":"ListItem","position":1,"name":"M\u016fj byt, m\u016fj hrad","item":"https:\/\/www.kskri.cz\/muj-byt-muj-hrad\/#breadcrumbitem"}]}]