[{"@context":"https:\/\/schema.org\/","@type":"Article","@id":"https:\/\/www.kskri.cz\/proc-uz-nemusite-najimat-grafika\/#Article","mainEntityOfPage":"https:\/\/www.kskri.cz\/proc-uz-nemusite-najimat-grafika\/","headline":"Pro\u010d u\u017e nemus\u00edte naj\u00edmat grafika","name":"Pro\u010d u\u017e nemus\u00edte naj\u00edmat grafika","description":"A\u0165 u\u017e pot\u0159ebujete vytvo\u0159it p\u0159\u00edsp\u011bvek na soci\u00e1ln\u00ed s\u00edt\u011b, pozv\u00e1nky, plak\u00e1ty nebo vizitku, nemus\u00edte platit \u0161\u00edlen\u00e9 [&hellip;]","datePublished":"2019-09-13","dateModified":"2023-05-24","author":{"@type":"Person","@id":"https:\/\/www.kskri.cz\/author\/#Person","name":"","url":"https:\/\/www.kskri.cz\/author\/","identifier":1,"image":{"@type":"ImageObject","@id":"https:\/\/secure.gravatar.com\/avatar\/64d58fab86512053c8bb518a6563e7284bb4a3422dc9af0106c3f39575364c7b?s=96&d=mm&r=g","url":"https:\/\/secure.gravatar.com\/avatar\/64d58fab86512053c8bb518a6563e7284bb4a3422dc9af0106c3f39575364c7b?s=96&d=mm&r=g","height":96,"width":96}},"publisher":{"@type":"Organization","name":"kskri.cz","logo":{"@type":"ImageObject","@id":"\/logo.png","url":"\/logo.png","width":600,"height":60}},"image":{"@type":"ImageObject","@id":"https:\/\/www.kskri.cz\/wp-content\/uploads\/img_a355153_w3378_t1569572016.jpg","url":"https:\/\/www.kskri.cz\/wp-content\/uploads\/img_a355153_w3378_t1569572016.jpg","height":0,"width":0},"url":"https:\/\/www.kskri.cz\/proc-uz-nemusite-najimat-grafika\/","about":["Web"],"wordCount":395,"articleBody":"A\u0165 u\u017e pot\u0159ebujete vytvo\u0159it p\u0159\u00edsp\u011bvek na soci\u00e1ln\u00ed s\u00edt\u011b, pozv\u00e1nky, plak\u00e1ty nebo vizitku, nemus\u00edte platit \u0161\u00edlen\u00e9 pen\u00edze za to, abyste si najali osobu, kter\u00e1 se v\u00e1m o to postar\u00e1. Nyn\u00ed si za pomoc\u00ed programu Canva dok\u00e1\u017eete poradit sami! Nalezte zde \u0159adu p\u0159edp\u0159ipraven\u00fdch designu z\u00a0ka\u017ed\u00e9 oblasti, tak\u017ee v\u017edycky je z\u00a0\u010deho vyb\u00edrat. Dal\u0161\u00ed v\u00fdhodou je p\u0159izp\u016fsobitelnost jednotliv\u00fdch design\u016f va\u0161im po\u017eadavk\u016fm. M\u016f\u017eete si m\u011bnit barvu pozad\u00ed, jednotliv\u00e9 rozpolo\u017een\u00ed element\u016f v\u00a0dokumentu, m\u011bnit fotky a podobn\u011b. Nejlep\u0161\u00edm na tom v\u0161em je, \u017ee je to jednoduch\u00e9, online a zdarma! Nemus\u00edte si tedy do sv\u00e9ho po\u010d\u00edta\u010de stahovat jak\u00fdkoli software a m\u016f\u017eete \u00fa\u010det propojit s\u00a0Googlem nebo Facebookem. Lze si v\u0161ak za tento produkt i p\u0159iplatit, a to je pot\u0159eba i v\u00a0p\u0159\u00edpad\u011b, \u017ee chcete p\u0159id\u00e1vat sv\u00e9 vlastn\u00ed fotografie.\tPokryt\u00ed v\u0161ech soci\u00e1ln\u00edch s\u00edt\u00edLid\u00e9 neradi \u010dtou, a pokud chcete na svoj\u00ed str\u00e1nce upozornit na novou nab\u00eddku, slevy nebo dopravu zdarma, bude nejl\u00edp, pokud to vyj\u00e1d\u0159\u00edte v\u00a0barevn\u00e9m obr\u00e1zku. Ten mus\u00ed zaujmout na prvn\u00ed pohled. Na\u0161t\u011bst\u00ed i o to se um\u00ed Canva postarat. M\u00e1 toti\u017e p\u0159ednastaven\u00e9 velikosti pro r\u016fzn\u00e9 aspekty soci\u00e1ln\u00edch s\u00edt\u00ed. M\u016f\u017eete si tak vybrat, jestli chcete tvo\u0159it \u00favodn\u00ed fotku nebo p\u0159\u00edb\u011bh na Facebook, animovan\u00fd p\u0159\u00edsp\u011bvek na Twitter nebo z\u00e1hlav\u00ed na LinkedIn, Tumblr a SoundCloud.\tZabodujte se sv\u00fdm \u017eivotopisemV\u00a0tomto programu si m\u016f\u017eete sepsat i dokumenty \u2013 design loga v\u010detn\u011b hlavi\u010dky firemn\u00ed korespondence a k\u00a0tomu vizitky, ale tak\u00e9 nap\u0159\u00edklad sv\u016fj \u017eivotopis. Vybrat si m\u016f\u017eete op\u011bt z\u00a0t\u011bch form\u00e1ln\u00edch nebo barevn\u00fdch a kreativn\u00edch v\u00a0z\u00e1vislosti na tom, o jakou pozici se uch\u00e1z\u00edte. N\u011bkter\u00e9 obsahuj\u00ed fotky, pozor na to, za vlo\u017een\u00ed vlastn\u00ed fotky se plat\u00ed! Jinak ale vkl\u00e1d\u00e1te standartn\u011b sv\u00e9 vzd\u011bl\u00e1n\u00ed, pracovn\u00ed zku\u0161enosti a dovednosti, kontakt, p\u0159\u00edpadn\u011b i p\u00e1r v\u011bt o sob\u011b. Op\u011bt lze n\u011bkter\u00e9 sekce \u00fapln\u011b vymazat, jin\u00e9 p\u0159idat. Je to \u00fapln\u011b ve va\u0161ich rukou.Tak vzh\u016fru do toho!                                                                                                                                                                                                                                                                                                                                                                                         4.6\/5 - (7 votes)        "},{"@context":"https:\/\/schema.org\/","@type":"BreadcrumbList","itemListElement":[{"@type":"ListItem","position":1,"name":"Pro\u010d u\u017e nemus\u00edte naj\u00edmat grafika","item":"https:\/\/www.kskri.cz\/proc-uz-nemusite-najimat-grafika\/#breadcrumbitem"}]}]